{"id":11895,"date":"2021-08-15T18:19:03","date_gmt":"2021-08-15T18:19:03","guid":{"rendered":"http:\/\/informacje.pagestrony.pl\/?p=11895"},"modified":"2021-08-15T18:19:03","modified_gmt":"2021-08-15T18:19:03","slug":"meble-kuchenne-na-wymiar","status":"publish","type":"post","link":"http:\/\/informacje.pagestrony.pl\/?p=11895","title":{"rendered":"Meble kuchenne na wymiar"},"content":{"rendered":"<p>W ostatnich latach coraz wi\u0119cej klient\u00f3w decyduje si\u0119 na rozwi\u0105zania do domu, kt\u00f3re charakteryzuj\u0105 si\u0119 nie tylko wysok\u0105 estetyk\u0105, niemniej jednak te\u017c solidnym wyko\u0144czeniem, a wi\u0119c zastosowaniem materia\u0142\u00f3w wysokiej jako\u015bci. Takim w\u0142a\u015bnie rozwi\u0105zaniem s\u0105 meble na wymiar konin, kt\u00f3re wykonywane s\u0105 na specjalne zam\u00f3wienie klienta do w zasadzie ka\u017cdego pomieszczenia.<!--more--><\/p>\n<p>Dlaczego warto zam\u00f3wi\u0107 meble na wymiar?<br \/>\nPrzede wszystkim meble na wymiar to rozwi\u0105zanie dedykowane konkretnemu klientowi, a zatem opracowane zgodnie z jego wytycznymi, jak tak\u017ce oczekiwaniami.  A przy tym, jest to te\u017c rozwi\u0105zanie pozwalaj\u0105ce wykorzysta\u0107 przestrze\u0144 pomieszczenia w optymalny spos\u00f3b, a zatem tak zagospodarowa\u0107 wn\u0119trza, by by\u0142y \u0142adne i funkcjonalne. Nie powinno zatem nikogo dziwi\u0107, \u017ce meble kuchenne konin, kt\u00f3re wykonywane s\u0105 na wymiar, w zgodzie z za\u0142o\u017ceniami klienta, ciesz\u0105 si\u0119 tak du\u017cym zainteresowaniem, szczeg\u00f3lnie os\u00f3b, kt\u00f3re ceni\u0105 jako\u015b\u0107, jak r\u00f3wnie\u017c efektywno\u015b\u0107 i trwa\u0142o\u015b\u0107. Zamawiaj\u0105c meble na wymiar decydujemy nie tylko o wygl\u0105dzie np front\u00f3w, ale tak\u017ce o u\u017cytych materia\u0142ach. Jest to wi\u0119c rozwi\u0105zanie, kt\u00f3re niesie ze sob\u0105 wiele korzy\u015bci. Pami\u0119tajmy r\u00f3wnie\u017c o tym, \u017ce meble na wymiar konin wykonywane s\u0105 do r\u00f3\u017cnorakich pomieszcze\u0144, a zatem nie tylko do kuchni, niemniej jednak te\u017c do jadalni czy pokoj\u00f3w dzieci\u0119cych, zgodnie z \u017cyczeniem klienta. Bardzo cz\u0119sto klienci zamawiaj\u0105 meble kuchenne na wymiar, a zatem przyk\u0142adowo wybieraj\u0105 rodzaj blat\u00f3w. Tutaj wyb\u00f3r jest du\u017cy, mog\u0105 to by\u0107 blaty wi\u00f3rowe, kompaktowe czy z p\u0142yty mineralno-akrylowej.<br \/>\n<br \/>\u0179r\u00f3d\u0142o: <a href=\"https:\/\/gramada.pl\">meble na wymiar konin<\/a>.<\/p>\n","protected":false},"excerpt":{"rendered":"<p>W ostatnich latach coraz wi\u0119cej klient\u00f3w decyduje si\u0119 na rozwi\u0105zania do domu, kt\u00f3re charakteryzuj\u0105 si\u0119 nie tylko wysok\u0105 estetyk\u0105, niemniej jednak te\u017c solidnym wyko\u0144czeniem, a wi\u0119c zastosowaniem materia\u0142\u00f3w wysokiej jako\u015bci. Takim w\u0142a\u015bnie rozwi\u0105zaniem s\u0105 meble na wymiar konin, kt\u00f3re wykonywane s\u0105 na specjalne zam\u00f3wienie klienta do w zasadzie ka\u017cdego pomieszczenia.<\/p>\n","protected":false},"author":1,"featured_media":0,"comment_status":"closed","ping_status":"closed","sticky":false,"template":"","format":"standard","meta":[],"categories":[1],"tags":[],"_links":{"self":[{"href":"http:\/\/informacje.pagestrony.pl\/index.php?rest_route=\/wp\/v2\/posts\/11895"}],"collection":[{"href":"http:\/\/informacje.pagestrony.pl\/index.php?rest_route=\/wp\/v2\/posts"}],"about":[{"href":"http:\/\/informacje.pagestrony.pl\/index.php?rest_route=\/wp\/v2\/types\/post"}],"author":[{"embeddable":true,"href":"http:\/\/informacje.pagestrony.pl\/index.php?rest_route=\/wp\/v2\/users\/1"}],"replies":[{"embeddable":true,"href":"http:\/\/informacje.pagestrony.pl\/index.php?rest_route=%2Fwp%2Fv2%2Fcomments&post=11895"}],"version-history":[{"count":1,"href":"http:\/\/informacje.pagestrony.pl\/index.php?rest_route=\/wp\/v2\/posts\/11895\/revisions"}],"predecessor-version":[{"id":11896,"href":"http:\/\/informacje.pagestrony.pl\/index.php?rest_route=\/wp\/v2\/posts\/11895\/revisions\/11896"}],"wp:attachment":[{"href":"http:\/\/informacje.pagestrony.pl\/index.php?rest_route=%2Fwp%2Fv2%2Fmedia&parent=11895"}],"wp:term":[{"taxonomy":"category","embeddable":true,"href":"http:\/\/informacje.pagestrony.pl\/index.php?rest_route=%2Fwp%2Fv2%2Fcategories&post=11895"},{"taxonomy":"post_tag","embeddable":true,"href":"http:\/\/informacje.pagestrony.pl\/index.php?rest_route=%2Fwp%2Fv2%2Ftags&post=11895"}],"curies":[{"name":"wp","href":"https:\/\/api.w.org\/{rel}","templated":true}]}}