{"id":13038,"date":"2021-10-28T03:15:04","date_gmt":"2021-10-28T03:15:04","guid":{"rendered":"http:\/\/informacje.pagestrony.pl\/?p=13038"},"modified":"2021-10-28T03:15:04","modified_gmt":"2021-10-28T03:15:04","slug":"rehabilitacja-nad-morzem-2","status":"publish","type":"post","link":"http:\/\/informacje.pagestrony.pl\/?p=13038","title":{"rendered":"Rehabilitacja nad morzem"},"content":{"rendered":"<p>Turnusy rehabilitacyjne organizowane s\u0105 w zorganizowanych grupach licz\u0105cych nie mniej jak 20 os\u00f3b. W kategorii tej znajduj\u0105 si\u0119 osoby o podobnym zakresie leczenia lub niepe\u0142nosprawno\u015bci. Taki turnus trwa 14 dni.<!--more--><\/p>\n<p>  Turnusy rehabilitacyjne PFRON maj\u0105 z du\u017c\u0105 dok\u0142adno\u015bci\u0105 opracowany program rehabilitacji, kt\u00f3ry dostosowany jest do schorze\u0144 uczestnik\u00f3w (zobacz tak\u017ce: <a href=\"https:\/\/www.owproton.pl\/turnusy-rehabilitacyjne-kolobrzeg\/\">turnusy rehabilitacyjne PFRON<\/a>). Rehabilitacje odbywaj\u0105 si\u0119 pod czujnym okiem fachowc\u00f3w. Niemniej jednak taki turnus mo\u017ce posiada\u0107 form\u0119 stacjonarn\u0105 albo niestacjonarn\u0105.<br \/>\nRehabilitacja nad morzem jednocze\u015bnie mobilizuje do kontaktu z otoczeniem jak r\u00f3wnie\u017c do samodzielnego funkcjonowania, dzi\u0119ki czemu znacz\u0105co pobudzaj\u0105 rozw\u00f3j osobisty. O rehabilitacj\u0119 z \u015brodk\u00f3w PFRON mog\u0105 ubiega\u0107 si\u0119:<br \/>\n&#8211;\tOsoby posiadaj\u0105ce orzeczenie o niepe\u0142nosprawno\u015bci cz\u0119\u015bciowej lub znacznej,<br \/>\n&#8211;\t osoby spe\u0142niaj\u0105ce kryteria dochodowe.<br \/>\nAle powinno si\u0119 pami\u0119ta\u0107 o tym, \u017ce osoby niepe\u0142nosprawne w trudnej sytuacji materialnej b\u0105d\u017a losowej mo\u017ce zosta\u0107 tak\u017ce przydzielony opiekun na czas trwania turnusu rehabilitacyjnego. Powinno si\u0119 r\u00f3wnie\u017c pami\u0119ta\u0107 o tym, \u017ce je\u017celi ju\u017c pragniemy uda\u0107 si\u0119 na turnus rehabilitacyjny finansowany z \u015brodk\u00f3w PFRON nale\u017cy z\u0142o\u017cy\u0107 odpowiedni wniosek do PCPR. Pracownicy tej instytucji maj\u0105 na jego rozpatrzenie 30 dni, ale gdy by\u0142 kompletny. Po uzyskaniu pozytywnej wybor\u00f3w uczestnik turnusu po\u015bwi\u0119caj\u0105c w\u0142asny czas wybiera organizatora i miejsce turnusu. Niemniej jednak sanatorium Ko\u0142obrzeg spe\u0142nia te wszystkie wymogi i jest odpowiednie dla os\u00f3b niepe\u0142nosprawnych. Warto zatem wybra\u0107 to miejsce na rehabilitacj\u0119 i cieszy\u0107 si\u0119 \u015bwie\u017cym powietrzem nad polskim morzem.<br \/>\n<br \/>Zobacz wi\u0119cej: <a href=\"https:\/\/www.owproton.pl\">sanatorium Ko\u0142obrzeg<\/a>.<\/p>\n","protected":false},"excerpt":{"rendered":"<p>Turnusy rehabilitacyjne organizowane s\u0105 w zorganizowanych grupach licz\u0105cych nie mniej jak 20 os\u00f3b. W kategorii tej znajduj\u0105 si\u0119 osoby o podobnym zakresie leczenia lub niepe\u0142nosprawno\u015bci. Taki turnus trwa 14 dni.<\/p>\n","protected":false},"author":1,"featured_media":0,"comment_status":"closed","ping_status":"closed","sticky":false,"template":"","format":"standard","meta":[],"categories":[1],"tags":[],"_links":{"self":[{"href":"http:\/\/informacje.pagestrony.pl\/index.php?rest_route=\/wp\/v2\/posts\/13038"}],"collection":[{"href":"http:\/\/informacje.pagestrony.pl\/index.php?rest_route=\/wp\/v2\/posts"}],"about":[{"href":"http:\/\/informacje.pagestrony.pl\/index.php?rest_route=\/wp\/v2\/types\/post"}],"author":[{"embeddable":true,"href":"http:\/\/informacje.pagestrony.pl\/index.php?rest_route=\/wp\/v2\/users\/1"}],"replies":[{"embeddable":true,"href":"http:\/\/informacje.pagestrony.pl\/index.php?rest_route=%2Fwp%2Fv2%2Fcomments&post=13038"}],"version-history":[{"count":1,"href":"http:\/\/informacje.pagestrony.pl\/index.php?rest_route=\/wp\/v2\/posts\/13038\/revisions"}],"predecessor-version":[{"id":13039,"href":"http:\/\/informacje.pagestrony.pl\/index.php?rest_route=\/wp\/v2\/posts\/13038\/revisions\/13039"}],"wp:attachment":[{"href":"http:\/\/informacje.pagestrony.pl\/index.php?rest_route=%2Fwp%2Fv2%2Fmedia&parent=13038"}],"wp:term":[{"taxonomy":"category","embeddable":true,"href":"http:\/\/informacje.pagestrony.pl\/index.php?rest_route=%2Fwp%2Fv2%2Fcategories&post=13038"},{"taxonomy":"post_tag","embeddable":true,"href":"http:\/\/informacje.pagestrony.pl\/index.php?rest_route=%2Fwp%2Fv2%2Ftags&post=13038"}],"curies":[{"name":"wp","href":"https:\/\/api.w.org\/{rel}","templated":true}]}}