{"id":13226,"date":"2021-11-07T17:15:04","date_gmt":"2021-11-07T17:15:04","guid":{"rendered":"http:\/\/informacje.pagestrony.pl\/?p=13226"},"modified":"2021-11-07T17:15:04","modified_gmt":"2021-11-07T17:15:04","slug":"salon-zabiegow-kosmetycznych-i-nie-tylko-wroclaw","status":"publish","type":"post","link":"http:\/\/informacje.pagestrony.pl\/?p=13226","title":{"rendered":"Salon zabieg\u00f3w kosmetycznych i nie tylko &#8211; Wroc\u0142aw"},"content":{"rendered":"<p>Pocz\u0105tek okresu jesienno-zimowego prawie \u017ce w ka\u017cdej sytuacji wywo\u0142uje u wielu ludzi gorsze samopoczucie i brak ch\u0119ci do najprostszych czynno\u015bci dnia zwyk\u0142ego. Wielokrotnie w tym wszystkim dana osoba zapomina nawet o sobie i o tym, jak wa\u017cne jest dbanie o sw\u00f3j wygl\u0105d. A jak wiadomo bardzo dobry kosmetolog Wroc\u0142aw mo\u017ce zdzia\u0142a\u0107 prawdziwe cuda, a to samoczynnie mo\u017ce prze\u0142o\u017cy\u0107 si\u0119 na nasze samopoczucie i nastr\u00f3j.<!--more--><\/p>\n<p>  Czy w takim razie warto raz na jaki\u015b czas odwiedzi\u0107 fachowy gabinet Wroc\u0142aw, gdzie zajm\u0105 si\u0119 nami fryzjerzy, kosmetolodzy, czy te\u017c specjalistki od medycyny estetycznej? Jak najbardziej, poniewa\u017c przy\u0142o\u017cenie wi\u0119kszej wagi do w\u0142asnego wygl\u0105du mo\u017ce da\u0107 nam sporo rado\u015bci. Zreszt\u0105 zim\u0105 na wierzch mo\u017ce wyj\u015b\u0107 brak witamin i adekwatnej ilo\u015bci minera\u0142\u00f3w od\u017cywczych. To sprawia, \u017ce nasze cia\u0142o b\u0119dzie dos\u0142ownie domaga\u0107 si\u0119 tego, a\u017ceby um\u00f3wi\u0107 si\u0119 na tanie kosmetyczne zabiegi Wroc\u0142aw. Wizyta w fachowym SPA to na pewno odpowiedni pomys\u0142 te\u017c na rozerwanie si\u0119 po trudnym tygodniu w pracy, czy tak\u017ce po prostu na spotkanie z przyjaci\u00f3\u0142k\u0105 i udanie si\u0119 na wsp\u00f3lne sp\u0119dzenie czasu. Relaks i odpr\u0119\u017cenie mo\u017cna odczu\u0107 w\u0142a\u015bnie na fotelu u kosmetyczki. Odwiedzaj\u0105c zaufany gabinet Wroc\u0142aw b\u0119dziemy mieli pewno\u015b\u0107, \u017ce profesjonali\u015bci zajm\u0105 si\u0119 naszym cia\u0142em, twarz\u0105, czy tak\u017ce po prostu cer\u0105 w mo\u017cliwie najlepszy spos\u00f3b. Oczekujesz pi\u0119knej fryzury na spotkanie okoliczno\u015bciowe? A mo\u017ce zamierzasz wyeliminowa\u0107 zmarszczki b\u0105d\u017a utworzy\u0107 jeden z popularnych niedawno zabieg\u00f3w medycyny estetycznej we Wroc\u0142awiu? W takim razie warto uda\u0107 si\u0119 do optymalnego gabinetu kosmetycznego w mie\u015bcie.<br \/>\n<br \/>Zobacz tak\u017ce: <a href=\"https:\/\/zabiegi.wroclaw.pl\">dietetyk wroc\u0142aw<\/a>.<\/p>\n","protected":false},"excerpt":{"rendered":"<p>Pocz\u0105tek okresu jesienno-zimowego prawie \u017ce w ka\u017cdej sytuacji wywo\u0142uje u wielu ludzi gorsze samopoczucie i brak ch\u0119ci do najprostszych czynno\u015bci dnia zwyk\u0142ego. Wielokrotnie w tym wszystkim dana osoba zapomina nawet o sobie i o tym, jak wa\u017cne jest dbanie o sw\u00f3j wygl\u0105d. A jak wiadomo bardzo dobry kosmetolog Wroc\u0142aw mo\u017ce zdzia\u0142a\u0107 prawdziwe cuda, a to [&hellip;]<\/p>\n","protected":false},"author":1,"featured_media":0,"comment_status":"closed","ping_status":"closed","sticky":false,"template":"","format":"standard","meta":[],"categories":[1],"tags":[],"_links":{"self":[{"href":"http:\/\/informacje.pagestrony.pl\/index.php?rest_route=\/wp\/v2\/posts\/13226"}],"collection":[{"href":"http:\/\/informacje.pagestrony.pl\/index.php?rest_route=\/wp\/v2\/posts"}],"about":[{"href":"http:\/\/informacje.pagestrony.pl\/index.php?rest_route=\/wp\/v2\/types\/post"}],"author":[{"embeddable":true,"href":"http:\/\/informacje.pagestrony.pl\/index.php?rest_route=\/wp\/v2\/users\/1"}],"replies":[{"embeddable":true,"href":"http:\/\/informacje.pagestrony.pl\/index.php?rest_route=%2Fwp%2Fv2%2Fcomments&post=13226"}],"version-history":[{"count":1,"href":"http:\/\/informacje.pagestrony.pl\/index.php?rest_route=\/wp\/v2\/posts\/13226\/revisions"}],"predecessor-version":[{"id":13227,"href":"http:\/\/informacje.pagestrony.pl\/index.php?rest_route=\/wp\/v2\/posts\/13226\/revisions\/13227"}],"wp:attachment":[{"href":"http:\/\/informacje.pagestrony.pl\/index.php?rest_route=%2Fwp%2Fv2%2Fmedia&parent=13226"}],"wp:term":[{"taxonomy":"category","embeddable":true,"href":"http:\/\/informacje.pagestrony.pl\/index.php?rest_route=%2Fwp%2Fv2%2Fcategories&post=13226"},{"taxonomy":"post_tag","embeddable":true,"href":"http:\/\/informacje.pagestrony.pl\/index.php?rest_route=%2Fwp%2Fv2%2Ftags&post=13226"}],"curies":[{"name":"wp","href":"https:\/\/api.w.org\/{rel}","templated":true}]}}