{"id":13759,"date":"2021-12-17T22:30:03","date_gmt":"2021-12-17T22:30:03","guid":{"rendered":"http:\/\/informacje.pagestrony.pl\/?p=13759"},"modified":"2021-12-17T22:30:03","modified_gmt":"2021-12-17T22:30:03","slug":"fotografia-industrialna-dla-firm","status":"publish","type":"post","link":"http:\/\/informacje.pagestrony.pl\/?p=13759","title":{"rendered":"Fotografia industrialna dla firm"},"content":{"rendered":"<p>Je\u015bli potrzebujemy fachowych sesji zdj\u0119ciowych, to zdecydowanie warto skorzysta\u0107 z do\u015bwiadczonych firm, kt\u00f3re oferuj\u0105 mi\u0119dzy innymi zdj\u0119cia firmowe. Powinno si\u0119 pami\u0119ta\u0107 o tym, \u017ce profesjonalna fotografia to g\u0142\u00f3wnie bardzo dobry sprz\u0119t, niemniej jednak te\u017c do\u015bwiadczeni i utalentowani fotografowie.Us\u0142ugi fotograficzne &#8211; na co zwr\u00f3ci\u0107 uwag\u0119?Us\u0142ugi fotograficzne skierowane s\u0105 zar\u00f3wno do os\u00f3b indywidualnych, jak te\u017c bardzo cz\u0119sto do klient\u00f3w biznesowych, a wi\u0119c r\u00f3\u017cnych podmiot\u00f3w gospodarczych.<!--more--><\/p>\n<p>  Bardzo cz\u0119sto z takich us\u0142ug korzystaj\u0105 firmy np w sektorze przemys\u0142owym, kt\u00f3re chc\u0105 przedstawi\u0107 si\u0119 swoim klientom i kontrahentom w jak najlepszym \u015bwietle za pomoc\u0105 stosownej oprawy fotograficznej (wi\u0119cej informacji: <a href=\"https:\/\/impact-photo.pl\/fotografia-przemyslowa\/\">fotografia przemys\u0142owa<\/a>). Powinno si\u0119 jednak\u017ce pami\u0119ta\u0107 o tym, \u017ce fotografia industrialna wymaga g\u0142\u00f3wnie dobrego podej\u015bcia, sprz\u0119tu, jak te\u017c umiej\u0119tnego uchwycenia najwa\u017cniejszych cech danego przedsi\u0119biorstwa. Warto wi\u0119c to zadanie odda\u0107 w r\u0119ce specjalist\u00f3w, kt\u00f3rzy nie tylko i wy\u0142\u0105cznie dysponuj\u0105 zaawansowanym sprz\u0119tem, ale tak\u017ce maj\u0105 do\u015bwiadczenie i potrafi\u0105 w jak zdecydowanie najlepszy spos\u00f3b zaprezentowa\u0107 hale magazynowe, hale produkcyjne czy pracownik\u00f3w przy pracy. A przy tym us\u0142ugi fotograficzne obejmuj\u0105 r\u00f3wnie\u017c fotografie wykonywane na specjalne \u017cyczenia firm, kt\u00f3re mo\u017ce dotyczy\u0107 na przyk\u0142ad fotografowania wydarzenia plenerowego (sprawd\u017a: <a href=\"https:\/\/impact-photo.pl\/fotografia-biznesowa\/\">fotografia biznesowa<\/a>). Jest to r\u00f3wnie\u017c fotografia reporta\u017cowa, czyli pokazanie relacji fotograficznej z jakiego\u015b wydarzenia. Jak si\u0119 wi\u0119c okazuje, us\u0142ugi fotograficzne maj\u0105 charakter z\u0142o\u017cony i dostosowane s\u0105 do indywidualnych potrzeb klienta.<br \/>Wi\u0119cej: <a href=\"https:\/\/impact-photo.pl\">zdj\u0119cia firmowe<\/a>.<\/p>\n","protected":false},"excerpt":{"rendered":"<p>Je\u015bli potrzebujemy fachowych sesji zdj\u0119ciowych, to zdecydowanie warto skorzysta\u0107 z do\u015bwiadczonych firm, kt\u00f3re oferuj\u0105 mi\u0119dzy innymi zdj\u0119cia firmowe. Powinno si\u0119 pami\u0119ta\u0107 o tym, \u017ce profesjonalna fotografia to g\u0142\u00f3wnie bardzo dobry sprz\u0119t, niemniej jednak te\u017c do\u015bwiadczeni i utalentowani fotografowie.Us\u0142ugi fotograficzne &#8211; na co zwr\u00f3ci\u0107 uwag\u0119?Us\u0142ugi fotograficzne skierowane s\u0105 zar\u00f3wno do os\u00f3b indywidualnych, jak te\u017c bardzo cz\u0119sto [&hellip;]<\/p>\n","protected":false},"author":1,"featured_media":0,"comment_status":"closed","ping_status":"closed","sticky":false,"template":"","format":"standard","meta":[],"categories":[1],"tags":[],"_links":{"self":[{"href":"http:\/\/informacje.pagestrony.pl\/index.php?rest_route=\/wp\/v2\/posts\/13759"}],"collection":[{"href":"http:\/\/informacje.pagestrony.pl\/index.php?rest_route=\/wp\/v2\/posts"}],"about":[{"href":"http:\/\/informacje.pagestrony.pl\/index.php?rest_route=\/wp\/v2\/types\/post"}],"author":[{"embeddable":true,"href":"http:\/\/informacje.pagestrony.pl\/index.php?rest_route=\/wp\/v2\/users\/1"}],"replies":[{"embeddable":true,"href":"http:\/\/informacje.pagestrony.pl\/index.php?rest_route=%2Fwp%2Fv2%2Fcomments&post=13759"}],"version-history":[{"count":1,"href":"http:\/\/informacje.pagestrony.pl\/index.php?rest_route=\/wp\/v2\/posts\/13759\/revisions"}],"predecessor-version":[{"id":13760,"href":"http:\/\/informacje.pagestrony.pl\/index.php?rest_route=\/wp\/v2\/posts\/13759\/revisions\/13760"}],"wp:attachment":[{"href":"http:\/\/informacje.pagestrony.pl\/index.php?rest_route=%2Fwp%2Fv2%2Fmedia&parent=13759"}],"wp:term":[{"taxonomy":"category","embeddable":true,"href":"http:\/\/informacje.pagestrony.pl\/index.php?rest_route=%2Fwp%2Fv2%2Fcategories&post=13759"},{"taxonomy":"post_tag","embeddable":true,"href":"http:\/\/informacje.pagestrony.pl\/index.php?rest_route=%2Fwp%2Fv2%2Ftags&post=13759"}],"curies":[{"name":"wp","href":"https:\/\/api.w.org\/{rel}","templated":true}]}}