{"id":13840,"date":"2021-12-23T00:40:02","date_gmt":"2021-12-23T00:40:02","guid":{"rendered":"http:\/\/informacje.pagestrony.pl\/?p=13840"},"modified":"2021-12-23T00:40:02","modified_gmt":"2021-12-23T00:40:02","slug":"fotografia-przemyslowa","status":"publish","type":"post","link":"http:\/\/informacje.pagestrony.pl\/?p=13840","title":{"rendered":"Fotografia przemys\u0142owa"},"content":{"rendered":"<p>Profesjonalna fotografia jest aktualnie wa\u017cnym elementem dzia\u0142a\u0144 marketingowych przedsi\u0119biorstw reprezentuj\u0105cych r\u00f3\u017cnorakie profile dzia\u0142alno\u015bci. Jest to w g\u0142\u00f3wnej mierze fotografia industrialna, czyli fotografia dedykowana firmom dzia\u0142aj\u0105cym w przemy\u015ble, kt\u00f3re chc\u0105 w odpowiedni spos\u00f3b zilustrowa\u0107 w\u0142asn\u0105 hal\u0119 magazynow\u0105 czy produkcyjn\u0105 na przyk\u0142ad na stronie internetowej.Profesjonalna fotografia &#8211; kiedy jest potrzebna?Profesjonalne fotografie s\u0105 w rosn\u0105cym stopniu wykorzystywane, w g\u0142\u00f3wnej mierze przez internetowe sklepy, kt\u00f3re w ten spos\u00f3b prezentuj\u0105 swoje towary.<!--more--><\/p>\n<p>  Jednak\u017ce profesjonalna fotografia to r\u00f3wnie\u017c przedstawienie mo\u017cliwo\u015bci danej firmy, a zatem np zaplecza technicznego czy te\u017c do\u015bwiadczonej kadry pracownik\u00f3w (dodatkowe informacje: <a href=\"https:\/\/impact-photo.pl\/fotografia-przemyslowa\/\">fotografia przemys\u0142owa<\/a>). Powinno si\u0119 pami\u0119ta\u0107, \u017ce fotografia dla firm wymaga g\u0142\u00f3wnie do\u015bwiadczenia, niemniej jednak te\u017c profesjonalnego sprz\u0119tu i talentu, tak by w odpowiedni spos\u00f3b zademonstrowa\u0107 wszystkie aspekty zwi\u0105zane z dan\u0105 firm\u0105. W\u0142a\u015bnie dlatego coraz wi\u0119cej przedsi\u0119biorc\u00f3w zwraca si\u0119 do firm, kt\u00f3re specjalizuj\u0105 si\u0119 w kompleksowych us\u0142ugach fotograficznych dla firm reprezentuj\u0105cych r\u00f3\u017cnorakie bran\u017ce. A przy tym, te us\u0142ugi to r\u00f3wnie\u017c fotografia reporta\u017cowa, a zatem tworzenie relacji z wydarze\u0144, r\u00f3wnie\u017c wydarze\u0144 maj\u0105cych miejsce na terenie firmy (zobacz wi\u0119cej: <a href=\"https:\/\/impact-photo.pl\/fotografia-biznesowa\/\">fotografia biznesowa<\/a>). Fotografowane s\u0105 r\u00f3wnie\u017c inne eventy, a wszystko to odbywa si\u0119 zgodnie z zaplanowanym harmonogramem przy u\u017cyciu przysz\u0142o\u015bciowego zaawansowanego technologicznie sprz\u0119tu. Dzi\u0119ki temu powstaj\u0105 sesje zdj\u0119ciowe sk\u0142adaj\u0105ce si\u0119 z fotografii wysokiej jako\u015bci, kt\u00f3re mog\u0105 by\u0107 z powodzeniem wykorzystywane w celach marketingowych.<br \/>Polecam: <a href=\"https:\/\/impact-photo.pl\">fotografia industrialna<\/a>.<\/p>\n","protected":false},"excerpt":{"rendered":"<p>Profesjonalna fotografia jest aktualnie wa\u017cnym elementem dzia\u0142a\u0144 marketingowych przedsi\u0119biorstw reprezentuj\u0105cych r\u00f3\u017cnorakie profile dzia\u0142alno\u015bci. Jest to w g\u0142\u00f3wnej mierze fotografia industrialna, czyli fotografia dedykowana firmom dzia\u0142aj\u0105cym w przemy\u015ble, kt\u00f3re chc\u0105 w odpowiedni spos\u00f3b zilustrowa\u0107 w\u0142asn\u0105 hal\u0119 magazynow\u0105 czy produkcyjn\u0105 na przyk\u0142ad na stronie internetowej.Profesjonalna fotografia &#8211; kiedy jest potrzebna?Profesjonalne fotografie s\u0105 w rosn\u0105cym stopniu wykorzystywane, w [&hellip;]<\/p>\n","protected":false},"author":1,"featured_media":0,"comment_status":"closed","ping_status":"closed","sticky":false,"template":"","format":"standard","meta":[],"categories":[1],"tags":[],"_links":{"self":[{"href":"http:\/\/informacje.pagestrony.pl\/index.php?rest_route=\/wp\/v2\/posts\/13840"}],"collection":[{"href":"http:\/\/informacje.pagestrony.pl\/index.php?rest_route=\/wp\/v2\/posts"}],"about":[{"href":"http:\/\/informacje.pagestrony.pl\/index.php?rest_route=\/wp\/v2\/types\/post"}],"author":[{"embeddable":true,"href":"http:\/\/informacje.pagestrony.pl\/index.php?rest_route=\/wp\/v2\/users\/1"}],"replies":[{"embeddable":true,"href":"http:\/\/informacje.pagestrony.pl\/index.php?rest_route=%2Fwp%2Fv2%2Fcomments&post=13840"}],"version-history":[{"count":1,"href":"http:\/\/informacje.pagestrony.pl\/index.php?rest_route=\/wp\/v2\/posts\/13840\/revisions"}],"predecessor-version":[{"id":13841,"href":"http:\/\/informacje.pagestrony.pl\/index.php?rest_route=\/wp\/v2\/posts\/13840\/revisions\/13841"}],"wp:attachment":[{"href":"http:\/\/informacje.pagestrony.pl\/index.php?rest_route=%2Fwp%2Fv2%2Fmedia&parent=13840"}],"wp:term":[{"taxonomy":"category","embeddable":true,"href":"http:\/\/informacje.pagestrony.pl\/index.php?rest_route=%2Fwp%2Fv2%2Fcategories&post=13840"},{"taxonomy":"post_tag","embeddable":true,"href":"http:\/\/informacje.pagestrony.pl\/index.php?rest_route=%2Fwp%2Fv2%2Ftags&post=13840"}],"curies":[{"name":"wp","href":"https:\/\/api.w.org\/{rel}","templated":true}]}}