{"id":13886,"date":"2021-12-28T09:59:09","date_gmt":"2021-12-28T09:59:09","guid":{"rendered":"http:\/\/informacje.pagestrony.pl\/?p=13886"},"modified":"2021-12-28T09:59:09","modified_gmt":"2021-12-28T09:59:09","slug":"zdjecia-firmowe","status":"publish","type":"post","link":"http:\/\/informacje.pagestrony.pl\/?p=13886","title":{"rendered":"Zdj\u0119cia firmowe"},"content":{"rendered":"<p>Fachowa fotografia jest obecnie wa\u017cnym elementem dzia\u0142a\u0144 marketingowych przedsi\u0119biorstw reprezentuj\u0105cych r\u00f3\u017cnorodne profile dzia\u0142alno\u015bci. Jest to w g\u0142\u00f3wnej mierze fotografia industrialna, czyli fotografia dedykowana firmom dzia\u0142aj\u0105cym w przemy\u015ble, kt\u00f3re chc\u0105 w prawid\u0142owy spos\u00f3b zademonstrowa\u0107 swoj\u0105 hal\u0119 magazynow\u0105 czy produkcyjn\u0105 na przyk\u0142ad na stronie internetowej.Profesjonalna fotografia &#8211; kiedy jest potrzebna?Profesjonalne fotografie s\u0105 w zwi\u0119kszaj\u0105cym si\u0119 stopniu wykorzystywane, w g\u0142\u00f3wnej mierze przez sklepy online, kt\u00f3re w ten spos\u00f3b prezentuj\u0105 swoje towary.<!--more--><\/p>\n<p>  Natomiast profesjonalna fotografia to tak\u017ce zaprezentowanie mo\u017cliwo\u015bci danej firmy, a wi\u0119c np zaplecza technicznego czy te\u017c do\u015bwiadczonej kadry pracownik\u00f3w (zobacz tak\u017ce: <a href=\"https:\/\/impact-photo.pl\/fotografia-przemyslowa\/\">fotografia przemys\u0142owa<\/a>). Trzeba pami\u0119ta\u0107, \u017ce fotografia dla firm wymaga przede wszystkim do\u015bwiadczenia, ale te\u017c profesjonalnego sprz\u0119tu i talentu, tak by w prawid\u0142owy spos\u00f3b zademonstrowa\u0107 wszystkie aspekty zwi\u0105zane z dan\u0105 firm\u0105. W\u0142a\u015bnie dlatego coraz wi\u0119cej przedsi\u0119biorc\u00f3w zwraca si\u0119 do firm, kt\u00f3re specjalizuj\u0105 si\u0119 w kompleksowych us\u0142ugach fotograficznych dla firm reprezentuj\u0105cych r\u00f3\u017cne bran\u017ce. A przy tym, te us\u0142ugi to r\u00f3wnie\u017c fotografia reporta\u017cowa, a wi\u0119c tworzenie relacji z wydarze\u0144, r\u00f3wnie\u017c wydarze\u0144 maj\u0105cych miejsce na terenie firmy (zobacz wi\u0119cej: <a href=\"https:\/\/impact-photo.pl\/fotografia-biznesowa\/\">fotografia biznesowa<\/a>). Fotografowane s\u0105 tak\u017ce inne eventy, a wszystko to odbywa si\u0119 w zgodzie z zaplanowanym harmonogramem przy u\u017cyciu nowoczesnego zaawansowanego technologicznie sprz\u0119tu. Dzi\u0119ki temu powstaj\u0105 sesje zdj\u0119ciowe sk\u0142adaj\u0105ce si\u0119 z zdj\u0119\u0107 wysokiej jako\u015bci, kt\u00f3re mog\u0105 by\u0107 z powodzeniem wykorzystywane w celach marketingowych.<br \/>Wi\u0119cej informacji na stronie: <a href=\"https:\/\/impact-photo.pl\">fotografia reporta\u017cowa<\/a>.<\/p>\n","protected":false},"excerpt":{"rendered":"<p>Fachowa fotografia jest obecnie wa\u017cnym elementem dzia\u0142a\u0144 marketingowych przedsi\u0119biorstw reprezentuj\u0105cych r\u00f3\u017cnorodne profile dzia\u0142alno\u015bci. Jest to w g\u0142\u00f3wnej mierze fotografia industrialna, czyli fotografia dedykowana firmom dzia\u0142aj\u0105cym w przemy\u015ble, kt\u00f3re chc\u0105 w prawid\u0142owy spos\u00f3b zademonstrowa\u0107 swoj\u0105 hal\u0119 magazynow\u0105 czy produkcyjn\u0105 na przyk\u0142ad na stronie internetowej.Profesjonalna fotografia &#8211; kiedy jest potrzebna?Profesjonalne fotografie s\u0105 w zwi\u0119kszaj\u0105cym si\u0119 stopniu wykorzystywane, [&hellip;]<\/p>\n","protected":false},"author":1,"featured_media":0,"comment_status":"closed","ping_status":"closed","sticky":false,"template":"","format":"standard","meta":[],"categories":[1],"tags":[],"_links":{"self":[{"href":"http:\/\/informacje.pagestrony.pl\/index.php?rest_route=\/wp\/v2\/posts\/13886"}],"collection":[{"href":"http:\/\/informacje.pagestrony.pl\/index.php?rest_route=\/wp\/v2\/posts"}],"about":[{"href":"http:\/\/informacje.pagestrony.pl\/index.php?rest_route=\/wp\/v2\/types\/post"}],"author":[{"embeddable":true,"href":"http:\/\/informacje.pagestrony.pl\/index.php?rest_route=\/wp\/v2\/users\/1"}],"replies":[{"embeddable":true,"href":"http:\/\/informacje.pagestrony.pl\/index.php?rest_route=%2Fwp%2Fv2%2Fcomments&post=13886"}],"version-history":[{"count":1,"href":"http:\/\/informacje.pagestrony.pl\/index.php?rest_route=\/wp\/v2\/posts\/13886\/revisions"}],"predecessor-version":[{"id":13887,"href":"http:\/\/informacje.pagestrony.pl\/index.php?rest_route=\/wp\/v2\/posts\/13886\/revisions\/13887"}],"wp:attachment":[{"href":"http:\/\/informacje.pagestrony.pl\/index.php?rest_route=%2Fwp%2Fv2%2Fmedia&parent=13886"}],"wp:term":[{"taxonomy":"category","embeddable":true,"href":"http:\/\/informacje.pagestrony.pl\/index.php?rest_route=%2Fwp%2Fv2%2Fcategories&post=13886"},{"taxonomy":"post_tag","embeddable":true,"href":"http:\/\/informacje.pagestrony.pl\/index.php?rest_route=%2Fwp%2Fv2%2Ftags&post=13886"}],"curies":[{"name":"wp","href":"https:\/\/api.w.org\/{rel}","templated":true}]}}