{"id":14615,"date":"2022-03-06T20:49:03","date_gmt":"2022-03-06T20:49:03","guid":{"rendered":"http:\/\/informacje.pagestrony.pl\/?p=14615"},"modified":"2022-03-06T20:49:03","modified_gmt":"2022-03-06T20:49:03","slug":"suszarka-na-balkon","status":"publish","type":"post","link":"http:\/\/informacje.pagestrony.pl\/?p=14615","title":{"rendered":"Suszarka na balkon"},"content":{"rendered":"<p>Wszyscy idealnie dociera do nas, \u017ce dobra suszarka to podstawa suszenia prania, zar\u00f3wno w domu, jak r\u00f3wnie\u017c na zewn\u0105trz, a wi\u0119c przyk\u0142adowo na balkonie czy tarasie. Warto by\u0107 \u015bwiadomym zatem o tym, \u017ce suszarka na pranie przede wszystkim powinna by\u0107 stworzona z materia\u0142\u00f3w, kt\u00f3re zapewniaj\u0105 jej w g\u0142\u00f3wnej mierze odporno\u015b\u0107 na dzia\u0142anie wilgoci, jak r\u00f3wnie\u017c niekorzystnych czynnik\u00f3w umieszczonych na zewn\u0105trz.<br \/>\nSuszarka na pranie &#8211; na co zwr\u00f3ci\u0107 uwag\u0119?<br \/>\nNie ulega w\u0105tpliwo\u015bci, \u017ce suszenie prania to wa\u017cna czynno\u015b\u0107, w kt\u00f3rej wykorzystuje si\u0119 praktyczne suszarki.<!--more--><\/p>\n<p>  Warto doda\u0107 natomiast o tym, z suszarka na balkon powinna wyr\u00f3\u017cnia\u0107 przede wszystkim dobrymi parametrami u\u017cytkowymi, a wi\u0119c w g\u0142\u00f3wnej mierze powinna mie\u0107 odpowiedni\u0105 rozpi\u0119to\u015b\u0107 ramion, kt\u00f3ra umo\u017cliwi nam jednorazowo wysuszy\u0107 niema\u0142\u0105 ilo\u015b\u0107 prania. W dodatku, je\u015bli kupujemy suszark\u0119 musimy tak\u017ce zwr\u00f3ci\u0107 uwag\u0119, czy w zestawie znajduj\u0105 si\u0119 niezb\u0119dne elementy monta\u017cowe, mi\u0119dzy innymi takie jak \u015bruby czy nakr\u0119tki. Co wi\u0119cej, sprawd\u017amy r\u00f3wnie\u017c czy zrobione s\u0105 ze stali nierdzewnej, a wi\u0119c s\u0105 odporne na dzia\u0142anie niekorzystnych czynnik\u00f3w atmosferycznych. Dlatego te\u017c suszarka balkonowa powinna by\u0107 wykonywana tylko z odpornych na dzia\u0142anie niekorzystnych czynnik\u00f3w atmosferycznych materia\u0142\u00f3w, jak tak\u017ce powinna charakteryzowa\u0107 si\u0119 odpowiedni\u0105 wielko\u015bci\u0105, kt\u00f3ra sprosta naszym potrzebom zwi\u0105zanym z suszeniem prania. Na szcz\u0119\u015bcie obecnie mamy bogaty wyb\u00f3r produkt\u00f3w bardzo wysokiej jako\u015bci, a wi\u0119c niew\u0105tpliwie uda nam si\u0119 wybra\u0107 tak\u0105 suszark\u0119, kt\u00f3ra b\u0119dzie spe\u0142nia\u0142a nasze indywidualne wymagania dotycz\u0105ce suszenia prania.<br \/>\n<br \/>Wi\u0119cej informacji na stronie: <a href=\"http:\/\/dobrasuszarka.pl\">suszarka na pranie<\/a>.<\/p>\n","protected":false},"excerpt":{"rendered":"<p>Wszyscy idealnie dociera do nas, \u017ce dobra suszarka to podstawa suszenia prania, zar\u00f3wno w domu, jak r\u00f3wnie\u017c na zewn\u0105trz, a wi\u0119c przyk\u0142adowo na balkonie czy tarasie. Warto by\u0107 \u015bwiadomym zatem o tym, \u017ce suszarka na pranie przede wszystkim powinna by\u0107 stworzona z materia\u0142\u00f3w, kt\u00f3re zapewniaj\u0105 jej w g\u0142\u00f3wnej mierze odporno\u015b\u0107 na dzia\u0142anie wilgoci, jak r\u00f3wnie\u017c [&hellip;]<\/p>\n","protected":false},"author":1,"featured_media":0,"comment_status":"closed","ping_status":"closed","sticky":false,"template":"","format":"standard","meta":[],"categories":[1],"tags":[],"_links":{"self":[{"href":"http:\/\/informacje.pagestrony.pl\/index.php?rest_route=\/wp\/v2\/posts\/14615"}],"collection":[{"href":"http:\/\/informacje.pagestrony.pl\/index.php?rest_route=\/wp\/v2\/posts"}],"about":[{"href":"http:\/\/informacje.pagestrony.pl\/index.php?rest_route=\/wp\/v2\/types\/post"}],"author":[{"embeddable":true,"href":"http:\/\/informacje.pagestrony.pl\/index.php?rest_route=\/wp\/v2\/users\/1"}],"replies":[{"embeddable":true,"href":"http:\/\/informacje.pagestrony.pl\/index.php?rest_route=%2Fwp%2Fv2%2Fcomments&post=14615"}],"version-history":[{"count":1,"href":"http:\/\/informacje.pagestrony.pl\/index.php?rest_route=\/wp\/v2\/posts\/14615\/revisions"}],"predecessor-version":[{"id":14616,"href":"http:\/\/informacje.pagestrony.pl\/index.php?rest_route=\/wp\/v2\/posts\/14615\/revisions\/14616"}],"wp:attachment":[{"href":"http:\/\/informacje.pagestrony.pl\/index.php?rest_route=%2Fwp%2Fv2%2Fmedia&parent=14615"}],"wp:term":[{"taxonomy":"category","embeddable":true,"href":"http:\/\/informacje.pagestrony.pl\/index.php?rest_route=%2Fwp%2Fv2%2Fcategories&post=14615"},{"taxonomy":"post_tag","embeddable":true,"href":"http:\/\/informacje.pagestrony.pl\/index.php?rest_route=%2Fwp%2Fv2%2Ftags&post=14615"}],"curies":[{"name":"wp","href":"https:\/\/api.w.org\/{rel}","templated":true}]}}