{"id":15634,"date":"2022-10-04T23:58:03","date_gmt":"2022-10-04T23:58:03","guid":{"rendered":"http:\/\/informacje.pagestrony.pl\/?p=15634"},"modified":"2022-10-04T23:58:03","modified_gmt":"2022-10-04T23:58:03","slug":"sesje-slubne-oferta","status":"publish","type":"post","link":"http:\/\/informacje.pagestrony.pl\/?p=15634","title":{"rendered":"Sesje \u015blubne \u2013 oferta"},"content":{"rendered":"<p>Wszyscy idealnie uprzytamniamy sobie, jak wa\u017cnym dniem jest \u015blub. Do takiej uroczysto\u015bci powinno si\u0119 si\u0119 w odpowiedni spos\u00f3b przygotowa\u0107, mi\u0119dzy innymi korzystaj\u0105c z us\u0142ug do\u015bwiadczonych fotograf\u00f3w, kt\u00f3rzy wykonuj\u0105 kompleksow\u0105 us\u0142ug\u0119 oprawy fotograficznej uroczysto\u015bci. Pami\u0119tajmy o tym, \u017ce fotograf \u015blubny powinien odpowiada\u0107 na nasze indywidualne preferencje oraz potrzeby powi\u0105zane z wykonaniem sesji zdj\u0119ciowej z uroczysto\u015bci.<!--more--><\/p>\n<p> Us\u0142ugi fotografa \u015blubnego &#8211; na co zwr\u00f3ci\u0107 uwag\u0119?<br \/>\nG\u0142\u00f3wnie nale\u017cy zaznaczy\u0107, \u017ce fotograf \u015blubny powinien dysponowa\u0107 specjalistycznym sprz\u0119tem, kt\u00f3ry daje mo\u017cliwo\u015b\u0107 na wykonywanie zdj\u0119\u0107 o wysokiej rozdzielczo\u015bci zar\u00f3wno wewn\u0105trz budynk\u00f3w, jak r\u00f3wnie\u017c sesji plenerowych (zobacz tak\u017ce: <a href=\"https:\/\/fotoartem.pl\/kontakt\/\">fotograf \u015blubny Ole\u015bnica<\/a>). Pami\u0119tajmy o tym, \u017ce us\u0142uga obejmuje mi\u0119dzy innymi sesje zdj\u0119ciowe z przygotowa\u0144 a tak\u017ce b\u0142ogos\u0142awie\u0144stwa, niemniej jednak r\u00f3wnie\u017c zdj\u0119cia z ceremonii w ko\u015bciele i urz\u0119dzie, jak tak\u017ce zabawy weselnej. Ponadto, tacy fotografowie oferuj\u0105 r\u00f3wnie\u017c us\u0142ugi w zakresie wykonywania sesji zdj\u0119ciowych plenerowych jak te\u017c sesji narzecze\u0144skiej. Dodatkowo, fotograf \u015blubny to r\u00f3wnie\u017c profesjonalna autorska obr\u00f3bka zdj\u0119\u0107 w programie graficznym, kt\u00f3ra obejmuje usuwanie mankament\u00f3w a tak\u017ce niedoskona\u0142o\u015bci, jak te\u017c poprawianie r\u00f3\u017cnorakich element\u00f3w przyk\u0142adowo takich jakie kontrast czy tak\u017ce paleta kolorystyczna. Pami\u0119tajmy o tym, \u017ce je\u015bli nie mamy pewno\u015bci jakiego fotografa wybra\u0107, to z ca\u0142kowit\u0105 czyli stu procentow\u0105 pewno\u015bci\u0105 warto kierowa\u0107 si\u0119 opiniami znajomych, jak r\u00f3wnie\u017c zapozna\u0107 si\u0119 z portfolio fotografa, by pozna\u0107 jego styl a tak\u017ce poprzednie realizacje w zakresie oprawy fotograficznej uroczysto\u015bci weselnych.<br \/>\n<br \/>Warto sprawdzi\u0107: <a href=\"https:\/\/fotoartem.pl\">fotograf \u015blubny Lubin<\/a>.<\/p>\n","protected":false},"excerpt":{"rendered":"<p>Wszyscy idealnie uprzytamniamy sobie, jak wa\u017cnym dniem jest \u015blub. Do takiej uroczysto\u015bci powinno si\u0119 si\u0119 w odpowiedni spos\u00f3b przygotowa\u0107, mi\u0119dzy innymi korzystaj\u0105c z us\u0142ug do\u015bwiadczonych fotograf\u00f3w, kt\u00f3rzy wykonuj\u0105 kompleksow\u0105 us\u0142ug\u0119 oprawy fotograficznej uroczysto\u015bci. Pami\u0119tajmy o tym, \u017ce fotograf \u015blubny powinien odpowiada\u0107 na nasze indywidualne preferencje oraz potrzeby powi\u0105zane z wykonaniem sesji zdj\u0119ciowej z uroczysto\u015bci.<\/p>\n","protected":false},"author":1,"featured_media":0,"comment_status":"closed","ping_status":"closed","sticky":false,"template":"","format":"standard","meta":[],"categories":[1],"tags":[],"_links":{"self":[{"href":"http:\/\/informacje.pagestrony.pl\/index.php?rest_route=\/wp\/v2\/posts\/15634"}],"collection":[{"href":"http:\/\/informacje.pagestrony.pl\/index.php?rest_route=\/wp\/v2\/posts"}],"about":[{"href":"http:\/\/informacje.pagestrony.pl\/index.php?rest_route=\/wp\/v2\/types\/post"}],"author":[{"embeddable":true,"href":"http:\/\/informacje.pagestrony.pl\/index.php?rest_route=\/wp\/v2\/users\/1"}],"replies":[{"embeddable":true,"href":"http:\/\/informacje.pagestrony.pl\/index.php?rest_route=%2Fwp%2Fv2%2Fcomments&post=15634"}],"version-history":[{"count":1,"href":"http:\/\/informacje.pagestrony.pl\/index.php?rest_route=\/wp\/v2\/posts\/15634\/revisions"}],"predecessor-version":[{"id":15635,"href":"http:\/\/informacje.pagestrony.pl\/index.php?rest_route=\/wp\/v2\/posts\/15634\/revisions\/15635"}],"wp:attachment":[{"href":"http:\/\/informacje.pagestrony.pl\/index.php?rest_route=%2Fwp%2Fv2%2Fmedia&parent=15634"}],"wp:term":[{"taxonomy":"category","embeddable":true,"href":"http:\/\/informacje.pagestrony.pl\/index.php?rest_route=%2Fwp%2Fv2%2Fcategories&post=15634"},{"taxonomy":"post_tag","embeddable":true,"href":"http:\/\/informacje.pagestrony.pl\/index.php?rest_route=%2Fwp%2Fv2%2Ftags&post=15634"}],"curies":[{"name":"wp","href":"https:\/\/api.w.org\/{rel}","templated":true}]}}