{"id":15636,"date":"2022-10-05T16:15:06","date_gmt":"2022-10-05T16:15:06","guid":{"rendered":"http:\/\/informacje.pagestrony.pl\/?p=15636"},"modified":"2022-10-05T16:15:06","modified_gmt":"2022-10-05T16:15:06","slug":"wady-postawy-rehabilitacja","status":"publish","type":"post","link":"http:\/\/informacje.pagestrony.pl\/?p=15636","title":{"rendered":"Wady postawy \u2013 rehabilitacja"},"content":{"rendered":"<p>Nie ulega w\u0105tpliwo\u015bci, \u017ce w przypadku utracenia sprawno\u015bci ruchowej lub tak\u017ce wyst\u0119powania wad postawy powinno si\u0119 korzysta\u0107 z do\u015bwiadczonych o\u015brodk\u00f3w rehabilitacyjnych, kt\u00f3re oferuj\u0105 mi\u0119dzy innymi terapi\u0119 schorze\u0144 takich jak wady w postawie. Warto doda\u0107 o tym, \u017ce praca takich \u015brodk\u00f3w oparta jest na wysokich kompetencjach do\u015bwiadczonych rehabilitant\u00f3w medycznych.<br \/>\nRehabilitacja medyczna &#8211; na co zwr\u00f3ci\u0107 uwag\u0119?<!--more--><\/p>\n<p>Przede wszystkim nale\u017cy podkre\u015bli\u0107, \u017ce o\u015brodki rehabilitacyjne oferuj\u0105 rehabilitacj\u0119 skierowan\u0105 zar\u00f3wno do os\u00f3b doros\u0142ych, jest tak\u017ce dzieci (sprawd\u017a tutaj: <a href=\"https:\/\/armedisrehabilitacja.pl\/rehabilitacja-bialystok\/rehabilitacja-wad-w-postawie-i-skolioz\/\">wada postawy bia\u0142ystok<\/a>).  Nale\u017cy wspomnie\u0107 o tym, \u017ce integracja sensoryczna to proces rejestrowania, jak te\u017c przetwarzania informacji pochodz\u0105cych ze \u015bwiata zewn\u0119trznego, kt\u00f3re nast\u0119pnie wykorzystywane s\u0105 do prawid\u0142owego funkcjonowania. Niestety zdarza si\u0119 natomiast, \u017ce ten proces zostaje zaburzony przez r\u00f3\u017cne czynniki, ju\u017c na etapie \u017cycia p\u0142odowego, a wi\u0119c przyk\u0142adowo przez toksyczne substancje za\u017cywane przez matk\u0119. Dlatego te\u017c cz\u0119sto dochodzi do zaburze\u0144 rozwojowych u dzieci, a w takim wypadku trzeba korzysta\u0107 z profesjonalnej pomocy rehabilitacyjnej (warto zobaczy\u0107: <a href=\"https:\/\/armedisrehabilitacja.pl\/rehabilitacja-bialystok\/osteopatia\/\">osteopatia bia\u0142ystok<\/a>). Warto doda\u0107 o tym, \u017ce diagnoza SI to przede wszystkim punkt wyj\u015bciowy do tego, a\u017ceby m\u00f3c pracowa\u0107 z takim dzieckiem w celu poprawienia jako\u015bci oraz liczby wyst\u0119powania po\u0142\u0105cze\u0144 nerwowych, tak aby dziecko mog\u0142o normalnie funkcjonowa\u0107. Wa\u017cnym etapem w terapii integracji sensorycznej jest to, by dziecko za\u017cywa\u0142o na prawd\u0119 du\u017co ruchu pod okiem specjalisty, a wi\u0119c na przyk\u0142ad korzystaj\u0105c z odpowiednich sprz\u0119t\u00f3w. Jest to spos\u00f3b na to, aby poprawi\u0107 umiej\u0119tno\u015bci poznawcze dziecka.<br \/>\n<br \/>Zobacz tak\u017ce: <a href=\"https:\/\/armedisrehabilitacja.pl\/rehabilitacja-bialystok\/integracja-sensoryczna-terapia-si\/\">integracja sensoryczna bia\u0142ystok<\/a>.<\/p>\n","protected":false},"excerpt":{"rendered":"<p>Nie ulega w\u0105tpliwo\u015bci, \u017ce w przypadku utracenia sprawno\u015bci ruchowej lub tak\u017ce wyst\u0119powania wad postawy powinno si\u0119 korzysta\u0107 z do\u015bwiadczonych o\u015brodk\u00f3w rehabilitacyjnych, kt\u00f3re oferuj\u0105 mi\u0119dzy innymi terapi\u0119 schorze\u0144 takich jak wady w postawie. Warto doda\u0107 o tym, \u017ce praca takich \u015brodk\u00f3w oparta jest na wysokich kompetencjach do\u015bwiadczonych rehabilitant\u00f3w medycznych. Rehabilitacja medyczna &#8211; na co zwr\u00f3ci\u0107 uwag\u0119?<\/p>\n","protected":false},"author":1,"featured_media":0,"comment_status":"closed","ping_status":"closed","sticky":false,"template":"","format":"standard","meta":[],"categories":[1],"tags":[],"_links":{"self":[{"href":"http:\/\/informacje.pagestrony.pl\/index.php?rest_route=\/wp\/v2\/posts\/15636"}],"collection":[{"href":"http:\/\/informacje.pagestrony.pl\/index.php?rest_route=\/wp\/v2\/posts"}],"about":[{"href":"http:\/\/informacje.pagestrony.pl\/index.php?rest_route=\/wp\/v2\/types\/post"}],"author":[{"embeddable":true,"href":"http:\/\/informacje.pagestrony.pl\/index.php?rest_route=\/wp\/v2\/users\/1"}],"replies":[{"embeddable":true,"href":"http:\/\/informacje.pagestrony.pl\/index.php?rest_route=%2Fwp%2Fv2%2Fcomments&post=15636"}],"version-history":[{"count":1,"href":"http:\/\/informacje.pagestrony.pl\/index.php?rest_route=\/wp\/v2\/posts\/15636\/revisions"}],"predecessor-version":[{"id":15637,"href":"http:\/\/informacje.pagestrony.pl\/index.php?rest_route=\/wp\/v2\/posts\/15636\/revisions\/15637"}],"wp:attachment":[{"href":"http:\/\/informacje.pagestrony.pl\/index.php?rest_route=%2Fwp%2Fv2%2Fmedia&parent=15636"}],"wp:term":[{"taxonomy":"category","embeddable":true,"href":"http:\/\/informacje.pagestrony.pl\/index.php?rest_route=%2Fwp%2Fv2%2Fcategories&post=15636"},{"taxonomy":"post_tag","embeddable":true,"href":"http:\/\/informacje.pagestrony.pl\/index.php?rest_route=%2Fwp%2Fv2%2Ftags&post=15636"}],"curies":[{"name":"wp","href":"https:\/\/api.w.org\/{rel}","templated":true}]}}