{"id":15652,"date":"2022-10-08T10:30:03","date_gmt":"2022-10-08T10:30:03","guid":{"rendered":"http:\/\/informacje.pagestrony.pl\/?p=15652"},"modified":"2022-10-08T10:30:03","modified_gmt":"2022-10-08T10:30:03","slug":"fotograf-slubny-sesje-zdjeciowe","status":"publish","type":"post","link":"http:\/\/informacje.pagestrony.pl\/?p=15652","title":{"rendered":"Fotograf \u015blubny \u2013 sesje zdj\u0119ciowe"},"content":{"rendered":"<p>Uroczysto\u015b\u0107 weselna powinna by\u0107 przede wszystkim w skrupulatny i szczeg\u00f3\u0142owy spos\u00f3b zaplanowana, jak r\u00f3wnie\u017c oparta na sprawdzonych podwykonawcach oraz fachowcach np takich jak fotograf \u015blubny. Trzeba podkre\u015bli\u0107, \u017ce oprawa fotograficzna to przede wszystkim pami\u0105tka na pe\u0142ne \u017cycie, dlatego te\u017c trzeba w prawid\u0142owy spos\u00f3b wybra\u0107 dobrego fotografa, kt\u00f3ry b\u0119dzie spe\u0142nia\u0142 nasze oczekiwania.<br \/>\nWyb\u00f3r fotografa na uroczysto\u015b\u0107 \u015blubn\u0105 &#8211; na co zwr\u00f3ci\u0107 uwag\u0119?<br \/>\nNie ulega w\u0105tpliwo\u015bci, \u017ce wyb\u00f3r dobrego fotografa \u015blubnego nie jest misj\u0105 tak \u0142atwym, jakby si\u0119 mog\u0142o na pocz\u0105tku wydawa\u0107.<!--more--><\/p>\n<p>  Dlatego te\u017c warto zapozna\u0107 si\u0119 z opiniami znajomych, niemniej jednak te\u017c \u017ce mie\u0107 wgl\u0105d do portfolio fotografa, tak by wybra\u0107 w\u0142a\u015bciw\u0105 osob\u0119, kt\u00f3ra b\u0119dzie odpowiada\u0142a na nasze potrzeby. Warto pami\u0119ta\u0107 o tym, \u017ce fotograf \u015blubny powinien mi\u0119dzy innymi dysponowa\u0107 fachowym sprz\u0119tem fotograficznym wysokiej klasy, kt\u00f3ry umo\u017cliwia na wykonywanie fotografii o wysokiej rozdzielczo\u015bci w r\u00f3\u017cnorakich warunkach, a wi\u0119c zar\u00f3wno w trakcie ceremonii w ko\u015bcielnej, jak tak\u017ce zabawy weselnej czy te\u017c w warunkach plenerowych (zobacz: <a href=\"https:\/\/fotoartem.pl\/kontakt\/\">fotograf \u015blubny G\u0142og\u00f3w<\/a>). A a przy tym, taki fotograf powinien r\u00f3wnie\u017c dysponowa\u0107 programami graficznymi, kt\u00f3re pozwalaj\u0105 na autorsk\u0105 obr\u00f3bk\u0119 fotografii, tak aby poprawi\u0107 w nich np kolorystyk\u0119 czy r\u00f3wnie\u017c kontrast. Nie ulega wi\u0119c w\u0105tpliwo\u015bci, \u017ce fotograf \u015blubny powinien by\u0107 do\u015bwiadczonym specjalist\u0105, kt\u00f3ry posiada \u015bwietny sprz\u0119t, ale tak\u017ce talent, tak a\u017ceby wy\u0142apywa\u0107 momenty ca\u0142e wzrusze\u0144. Niew\u0105tpliwie takie zdj\u0119cia b\u0119d\u0105 stanowi\u0142y dla nas pami\u0105tk\u0119 na reszt\u0119 \u017cycia.<br \/>\n<br \/>\u0179r\u00f3d\u0142o: <a href=\"https:\/\/fotoartem.pl\">fotograf \u015blubny \u015awidnica<\/a>.<\/p>\n","protected":false},"excerpt":{"rendered":"<p>Uroczysto\u015b\u0107 weselna powinna by\u0107 przede wszystkim w skrupulatny i szczeg\u00f3\u0142owy spos\u00f3b zaplanowana, jak r\u00f3wnie\u017c oparta na sprawdzonych podwykonawcach oraz fachowcach np takich jak fotograf \u015blubny. Trzeba podkre\u015bli\u0107, \u017ce oprawa fotograficzna to przede wszystkim pami\u0105tka na pe\u0142ne \u017cycie, dlatego te\u017c trzeba w prawid\u0142owy spos\u00f3b wybra\u0107 dobrego fotografa, kt\u00f3ry b\u0119dzie spe\u0142nia\u0142 nasze oczekiwania. Wyb\u00f3r fotografa na uroczysto\u015b\u0107 [&hellip;]<\/p>\n","protected":false},"author":1,"featured_media":0,"comment_status":"closed","ping_status":"closed","sticky":false,"template":"","format":"standard","meta":[],"categories":[1],"tags":[],"_links":{"self":[{"href":"http:\/\/informacje.pagestrony.pl\/index.php?rest_route=\/wp\/v2\/posts\/15652"}],"collection":[{"href":"http:\/\/informacje.pagestrony.pl\/index.php?rest_route=\/wp\/v2\/posts"}],"about":[{"href":"http:\/\/informacje.pagestrony.pl\/index.php?rest_route=\/wp\/v2\/types\/post"}],"author":[{"embeddable":true,"href":"http:\/\/informacje.pagestrony.pl\/index.php?rest_route=\/wp\/v2\/users\/1"}],"replies":[{"embeddable":true,"href":"http:\/\/informacje.pagestrony.pl\/index.php?rest_route=%2Fwp%2Fv2%2Fcomments&post=15652"}],"version-history":[{"count":1,"href":"http:\/\/informacje.pagestrony.pl\/index.php?rest_route=\/wp\/v2\/posts\/15652\/revisions"}],"predecessor-version":[{"id":15653,"href":"http:\/\/informacje.pagestrony.pl\/index.php?rest_route=\/wp\/v2\/posts\/15652\/revisions\/15653"}],"wp:attachment":[{"href":"http:\/\/informacje.pagestrony.pl\/index.php?rest_route=%2Fwp%2Fv2%2Fmedia&parent=15652"}],"wp:term":[{"taxonomy":"category","embeddable":true,"href":"http:\/\/informacje.pagestrony.pl\/index.php?rest_route=%2Fwp%2Fv2%2Fcategories&post=15652"},{"taxonomy":"post_tag","embeddable":true,"href":"http:\/\/informacje.pagestrony.pl\/index.php?rest_route=%2Fwp%2Fv2%2Ftags&post=15652"}],"curies":[{"name":"wp","href":"https:\/\/api.w.org\/{rel}","templated":true}]}}