{"id":16267,"date":"2022-12-24T01:34:05","date_gmt":"2022-12-24T01:34:05","guid":{"rendered":"http:\/\/informacje.pagestrony.pl\/?p=16267"},"modified":"2022-12-24T01:34:05","modified_gmt":"2022-12-24T01:34:05","slug":"meble-na-wymiar-szafy-wnekowe-2","status":"publish","type":"post","link":"http:\/\/informacje.pagestrony.pl\/?p=16267","title":{"rendered":"Meble na wymiar \u2013 szafy wn\u0119kowe"},"content":{"rendered":"<p>Nie ulega w\u0105tpliwo\u015bci, \u017ce wraz z intensywna eksploatacj\u0105 meble ulegaj\u0105 zu\u017cyciu. Pami\u0119tajmy, \u017ce je\u017celi ju\u017c w naszej kuchni s\u0105 niesprawne zniszczone zawiasy czy tak\u017ce poprzecierane blaty i fronty to zawsze mo\u017cemy skorzysta\u0107 z us\u0142ug fachowej firmy, kt\u00f3ra para si\u0119 tworzeniem mebli na wymiar. Odnawianie Kuchni Pozna\u0144 to tak\u017ce popularna us\u0142uga, kt\u00f3ra umo\u017cliwi nam poprawi\u0107 nie tylko i wy\u0142\u0105cznie parametry stylistyczne pomieszczenia, niemniej jednak te\u017c zwi\u0119kszy\u0107 jego funkcjonalno\u015b\u0107, tak a\u017ceby by\u0142o to pomieszczenie dostosowane do naszych indywidualnych potrzeb.<!--more--><\/p>\n<p> Wykonywanie mebli na wymiar &#8211; na co zwr\u00f3ci\u0107 uwag\u0119?<br \/>\nZdecydowanie pomieszczenia funkcjonalne to g\u0142\u00f3wnie pomieszczenia dostosowane do naszych potrzeb. Meble na Wymiar Pozna\u0144 s\u0105 zatem rozstrzygni\u0119ciem dla tych wszystkich, kt\u00f3rzy chc\u0105 si\u0119 cieszy\u0107 z komfortowo urz\u0105dzonych jak r\u00f3wnie\u017c funkcjonalnych pomieszcze\u0144. Warto zdawa\u0107 sobie spraw\u0119 o tym, \u017ce na rynku dzia\u0142aj\u0105 firmy, kt\u00f3re specjalizuj\u0105 si\u0119 w tworzeniu mebli w zgodzie z \u017cyczeniem klienta. Co najwa\u017cniejsze, taka us\u0142uga realizowana jest w spos\u00f3b kompleksowy, a wi\u0119c obejmuje r\u00f3wnie\u017c fachowe doradztwo w zakresie w g\u0142\u00f3wnej mierze materia\u0142\u00f3w, ale tak\u017ce konsultacje w trakcie wykonywania projektu. Szafy Wn\u0119kowe Pozna\u0144 to rozwi\u0105zania tj. szafa \u015bcienna przeznaczona do garderoby, czy te\u017c szeroki wyb\u00f3r szafy wn\u0119kowej w r\u00f3\u017cnorakich ods\u0142onach. Warto doda\u0107 o tym, \u017ce takie szafy s\u0105 idealnie dopasowane do konkretnego pomieszczenia, a zatem s\u0105 r\u00f3wnocze\u015bnie funkcjonalne jak te\u017c pe\u0142ni\u0105 funkcj\u0119 ozdoby. Warto pami\u0119ta\u0107 tak\u017ce o tym, \u017ce zamawiaj\u0105c tak\u0105 szaf\u0119 wn\u0119kow\u0105 na wymiar mo\u017cemy liczy\u0107 r\u00f3wnie\u017c na us\u0142ug\u0119 monta\u017cu.<br \/>\n<br \/>\u0179r\u00f3d\u0142o informacji: <a href=\"https:\/\/dd-swiatkuchni.pl?utm_source=reklama\">Meble na Wymiar Pozna\u0144<\/a>.<\/p>\n","protected":false},"excerpt":{"rendered":"<p>Nie ulega w\u0105tpliwo\u015bci, \u017ce wraz z intensywna eksploatacj\u0105 meble ulegaj\u0105 zu\u017cyciu. Pami\u0119tajmy, \u017ce je\u017celi ju\u017c w naszej kuchni s\u0105 niesprawne zniszczone zawiasy czy tak\u017ce poprzecierane blaty i fronty to zawsze mo\u017cemy skorzysta\u0107 z us\u0142ug fachowej firmy, kt\u00f3ra para si\u0119 tworzeniem mebli na wymiar. Odnawianie Kuchni Pozna\u0144 to tak\u017ce popularna us\u0142uga, kt\u00f3ra umo\u017cliwi nam poprawi\u0107 nie [&hellip;]<\/p>\n","protected":false},"author":1,"featured_media":0,"comment_status":"closed","ping_status":"closed","sticky":false,"template":"","format":"standard","meta":[],"categories":[1],"tags":[],"_links":{"self":[{"href":"http:\/\/informacje.pagestrony.pl\/index.php?rest_route=\/wp\/v2\/posts\/16267"}],"collection":[{"href":"http:\/\/informacje.pagestrony.pl\/index.php?rest_route=\/wp\/v2\/posts"}],"about":[{"href":"http:\/\/informacje.pagestrony.pl\/index.php?rest_route=\/wp\/v2\/types\/post"}],"author":[{"embeddable":true,"href":"http:\/\/informacje.pagestrony.pl\/index.php?rest_route=\/wp\/v2\/users\/1"}],"replies":[{"embeddable":true,"href":"http:\/\/informacje.pagestrony.pl\/index.php?rest_route=%2Fwp%2Fv2%2Fcomments&post=16267"}],"version-history":[{"count":1,"href":"http:\/\/informacje.pagestrony.pl\/index.php?rest_route=\/wp\/v2\/posts\/16267\/revisions"}],"predecessor-version":[{"id":16268,"href":"http:\/\/informacje.pagestrony.pl\/index.php?rest_route=\/wp\/v2\/posts\/16267\/revisions\/16268"}],"wp:attachment":[{"href":"http:\/\/informacje.pagestrony.pl\/index.php?rest_route=%2Fwp%2Fv2%2Fmedia&parent=16267"}],"wp:term":[{"taxonomy":"category","embeddable":true,"href":"http:\/\/informacje.pagestrony.pl\/index.php?rest_route=%2Fwp%2Fv2%2Fcategories&post=16267"},{"taxonomy":"post_tag","embeddable":true,"href":"http:\/\/informacje.pagestrony.pl\/index.php?rest_route=%2Fwp%2Fv2%2Ftags&post=16267"}],"curies":[{"name":"wp","href":"https:\/\/api.w.org\/{rel}","templated":true}]}}